{"id":2506,"date":"2023-03-31T13:13:57","date_gmt":"2023-03-31T18:13:57","guid":{"rendered":"https:\/\/vilaplanafilms.com\/plantadas\/?p=2506"},"modified":"2023-03-31T13:13:57","modified_gmt":"2023-03-31T18:13:57","slug":"el-exito-en-miami-de-un-cine-hecho-en-miami-ultimas-funciones-de-la-pelicula-plantadas","status":"publish","type":"post","link":"https:\/\/vilaplanafilms.com\/plantadas\/el-exito-en-miami-de-un-cine-hecho-en-miami-ultimas-funciones-de-la-pelicula-plantadas\/","title":{"rendered":"El \u00e9xito en Miami de un cine hecho en Miami: \u00daltimas funciones de la pel\u00edcula \u2018Plantadas\u2019"},"content":{"rendered":"<section class=\"wpb-content-wrapper\"><p>[vc_row][vc_column][vc_column_text]<em><strong>Written By\u00a0Jose Antonio Evora<\/strong><\/em><br \/>\n<em><strong>March 29, 2023 at 10:01 PM<\/strong><\/em><\/p>\n<p><em>Alina Robert en una escena de la pel\u00edcula \u201cPlantadas\u201d, cuyas \u00faltimas funciones ser\u00e1n este jueves 30 de marzo en el CMX Cinemas Dolphin. Fotograf\u00eda: Instant\u00e1nea del filme, con direcci\u00f3n de fotograf\u00eda de Jos\u00e9 Ovi Jim\u00e9nez (cortes\u00eda de Vilaplana Films).<\/em><\/p>\n<p>Que una pel\u00edcula independiente producida y filmada en Miami con actores y t\u00e9cnicos de Miami tenga \u00e9xito en Miami es una gran noticia.<\/p>\n<p>Que sea la favorita del p\u00fablico en un festival que lleva 40 a\u00f1os presentando producciones exitosas de los cuatro rincones del planeta es extraordinario y, a la vez, el term\u00f3metro de una veta apenas explorada en el sur de la Florida para conseguir \u00e9xitos comerciales con historias de arraigo local.<\/p>\n<p>Se llama \u201cPlantadas\u201d, y quienes no la hayan visto deben apurarse: a menos que los distribuidores se den cuenta de que conviene mantenerla en cartelera \u2013lo cual depende, por supuesto, de la respuesta del p\u00fablico\u2013, este jueves 30 de marzo ser\u00e1n las \u00faltimas funciones en las salas CMX Cinemas del Dolphin Mall en los horarios de 3:35 pm, 6:50 pm y 10:00 pm.<\/p>\n<p>Su antecesora, \u201cPlantados\u201d, hab\u00eda ganado tambi\u00e9n el premio de la popularidad hace dos a\u00f1os en el Festival Internacional de Cine de Miami. La palabra \u201cplantado\u201d o \u201cplantada\u201d es la que han usado los prisioneros pol\u00edticos del castrismo en Cuba para referirse a quienes no aceptan usar el uniforme de los presos comunes y desaf\u00edan el r\u00e9gimen carcelario.<\/p>\n<p><img loading=\"lazy\" decoding=\"async\" class=\"alignnone size-full wp-image-2507\" src=\"https:\/\/vilaplanafilms.com\/plantadas\/wp-content\/uploads\/2023\/03\/PHOTO-2-10-342x500-1.jpeg\" alt=\"\" width=\"342\" height=\"500\" \/><\/p>\n<p>Dirigida por Lilo Vilaplana y su hijo, Camilo Vilaplana, \u201cPlantadas\u201d gan\u00f3 este a\u00f1o adem\u00e1s el \u201cKnight Made in MIA Film Award\u201d -premio a la mejor pel\u00edcula hecha en Miami- compartido con \u201cFebrero\u201d, de Hansel Porras Garc\u00eda.<\/p>\n<p>Lilo Vilaplana ha dirigido series de televisi\u00f3n muy populares, entre ellas \u201cEl Capo\u201d, \u201cDue\u00f1os del para\u00edso\u201d, \u201cLa Mariposa\u201d y \u201cLa Traicionera\u201d.<\/p>\n<p>Con gui\u00f3n de Ninoska P\u00e9rez Castell\u00f3n, \u00c1ngel Santiesteban y el propio Lilo Vilaplana, y el casting y la producci\u00f3n ejecutiva de Irasema Otero, \u201cPlantadas\u201d se basa en testimonios de mujeres que fueron reprimidas y encarceladas en los primeros a\u00f1os de la llamada \u201crevoluci\u00f3n\u201d por el simple hecho de oponerse a Fidel Castro. Basta mirar en qu\u00e9 condiciones viven los cubanos de hoy para saber qui\u00e9nes ten\u00edan la raz\u00f3n.<\/p>\n<p>De hecho, \u201cPlantadas\u201d pas\u00f3 casi directamente del Festival al circuito de exhibici\u00f3n comercial, donde tambi\u00e9n ha tenido muy buena acogida. En la ma\u00f1ana del s\u00e1bado 25 de marzo ya hab\u00edan comprado 82 boletos para las tres funciones del d\u00eda, sin contar los espectadores que ir\u00edan directamente a taquilla.<\/p>\n<p>DE \u2018PLANTADOS\u2019 A \u2018PLANTADAS\u2019<\/p>\n<p>Los guionistas se basaron en tres libros: \u201cTodo lo dieron por Cuba\u201d, de Mignon Medrano, con pr\u00f3logo del insigne historiador cubano Lev\u00ed Marrero; \u201cMemoria de una sobreviviente\u201d, de Ana L\u00e1zara Rodr\u00edguez, y \u201cLas garras de los cuervos verdes\u201d, de Emelina N\u00fa\u00f1ez.<\/p>\n<p>La predecesora de \u201cPlantadas\u201d, \u201cPlantados\u201d, fue un proyecto que lleg\u00f3 a Vilaplana a trav\u00e9s de los que fueran presos pol\u00edticos \u00c1ngel de Fana y Jos\u00e9 Pujals Mederos. Este \u00faltimo, fallecido en marzo de 2019, era t\u00edo del empresario cubano radicado en Espa\u00f1a Leopoldo Fern\u00e1ndez Pujals, creador de la exitosa cadena Telepizza.<\/p>\n<p>Fern\u00e1ndez Pujals \u201cdec\u00eda que quer\u00eda hacer una pel\u00edcula porque \u00e9l se hab\u00eda hecho millonario mientras ellos estaban en la c\u00e1rcel\u201d, cuenta Vilaplana; \u201cllevaba a\u00f1os buscando con qui\u00e9n hacerla, desde un escritor franc\u00e9s hasta estrellas de Hollywood, pero nadie quer\u00eda\u201d, a\u00f1ade<\/p>\n<p>Hasta que \u00c1ngel de Fana y Pujals Mederos se lo presentaron a \u00e9l, se pusieron de acuerdo y empez\u00f3 a trabajar en el gui\u00f3n con el escritor, periodista y presentador del Canal 41 de Miami Juan Manuel Cao, y el tambi\u00e9n escritor cubano \u00c1ngel Santiesteban.<\/p>\n<p>Despu\u00e9s del \u00e9xito de \u201cPlantados\u201d en el Festival de Cine de Miami, le hicieron la propuesta a Netflix para que la exhibiera en su servicio de streaming, \u201cy dijeron que no le interesaba a esa plataforma\u201d, cuenta Vilaplana. \u201cSin embargo, despu\u00e9s pusieron \u2018La Red Avispa\u2019 [Wasp Network], que s\u00ed les interesaba porque es el discurso castrista\u201d, comenta el cineasta.<\/p>\n<p>Un buen d\u00eda se le acerc\u00f3 el luchador anticastrista Reynol Rodr\u00edguez y le pregunt\u00f3 que si los presos pol\u00edticos ten\u00edan una pel\u00edcula, por qu\u00e9 las presas pol\u00edticas no ten\u00edan la suya.<\/p>\n<p><img loading=\"lazy\" decoding=\"async\" class=\"alignnone size-full wp-image-2508\" src=\"https:\/\/vilaplanafilms.com\/plantadas\/wp-content\/uploads\/2023\/03\/PHOTO-3-9-500x319-1.jpeg\" alt=\"\" width=\"500\" height=\"319\" \/><\/p>\n<p><em>Para desarrollar en Miami una industria cinematogr\u00e1fica local \u201clo \u00fanico que hace falta es el apoyo del p\u00fablico, que la gente vaya al cine, y que los empresarios inviertan en el cine\u201d, dice el director Lilo Vilaplana. Fotograf\u00eda: Dayron Morales (cortes\u00eda de Vilaplana Films).<\/em><\/p>\n<p>\u201cPor falta de presupuesto, le respond\u00ed\u201d, cuenta Vilaplana. \u201cY si yo consigo el dinero, \u00bfcu\u00e1nto es el m\u00ednimo que hace falta?, me dijo \u00e9l. Le di una cifra y empez\u00f3 a buscarlo, tocando puertas por aqu\u00ed y por all\u00e1, y me sum\u00e9 yo tambi\u00e9n, hasta que se recaudaron $380,000 en efectivo. Lo que hice fue aportar todos mis elementos de producci\u00f3n, ambientaci\u00f3n y vestuario; me prestaron la finca y otras locaciones; Carlos Vasallo [propietario de Am\u00e9rica CV Network] me prest\u00f3 un estudio para armar las c\u00e1rceles all\u00ed, y as\u00ed logramos hacerla\u201d.<\/p>\n<p>Fue el fruto de la uni\u00f3n de exiliados cubanos en torno al proyecto de una pel\u00edcula, asegura el director.<\/p>\n<p>\u201cTodos los actores, el equipo t\u00e9cnico y la producci\u00f3n trabajaron por un presupuesto menor\u201d, explica. \u201cNo alcanzaba y el \u00fanico que no cobr\u00f3 fui yo; si da dinero [con la exhibici\u00f3n comercial], ya la comisi\u00f3n de recaudaci\u00f3n me pagar\u00e1 algo. Reynol Rodr\u00edguez trabaj\u00f3 como un loco, cre\u00f3 una \u2018nonprofit\u2019 con un vicepresidente, Pedro Rem\u00f3n; un tesorero, Osvaldo Ram\u00edrez, y una tesorera, que fue la ex presa pol\u00edtica Alicia del Busto; el dinero iba directamente a ellos y me iban dando para la producci\u00f3n. Fue muy organizado todo eso\u201d, subraya.<\/p>\n<p>Vilaplana cuenta que fue de casa en casa para entrevistar a cada una de las ex presas pol\u00edticas que iban a dar su testimonio, y que le impresion\u00f3 especialmente el caso de Anette Escand\u00f3n, a quien torturaban con electroshocks \u201cmientras ella se aferraba a una toalla como si fuera un beb\u00e9, porque dice que as\u00ed se sent\u00eda cerca de sus hijos, y eso est\u00e1 en la pel\u00edcula\u201d.<\/p>\n<p><img loading=\"lazy\" decoding=\"async\" class=\"alignnone size-full wp-image-2509\" src=\"https:\/\/vilaplanafilms.com\/plantadas\/wp-content\/uploads\/2023\/03\/PHOTO-4-8-500x216-1.jpeg\" alt=\"\" width=\"500\" height=\"216\" \/><\/p>\n<p><em>La actriz Claudia Tom\u00e1s en otro momento de \u201cPlantadas\u201d, la pel\u00edcula ganadora del Premio del P\u00fablico y del Knight Made in MIA Film Award en la m\u00e1s reciente edici\u00f3n del Festival Internacional de Cine de Miami. Fotograf\u00eda: Instant\u00e1nea del filme, con direcci\u00f3n de fotograf\u00eda de Jos\u00e9 Ovi Jim\u00e9nez (cortes\u00eda de Vilaplana Films)<\/em>.<\/p>\n<p>En Miami, indica el director, dio con actores maravillosos y un equipo t\u00e9cnico formidable, entre ellos el director de fotograf\u00eda, Jos\u00e9 Ovi Jim\u00e9nez. El reparto estuvo encabezado por Alina Robert, Rachel Vallory, Claudia Tom\u00e1s y Yulieth Cruz, con Ariel Texid\u00f3, Daniel Romero y Luis Manuel \u00c1lvarez, y las actuaciones especiales de Lili Renter\u00eda, Larisa Vega, Vivian Ruiz, Gilberto Reyes, Fabi\u00e1n Brando, Adri\u00e1n M\u00e1s, Alejandro Gil y Bonc\u00f3 Qui\u00f1ongo, entre otros.<\/p>\n<p>\u201cAqu\u00ed hay mucho talento art\u00edstico, trabajamos con talento local\u201d, a\u00f1ade. \u201cCuando hice \u2018Plantados\u2019 me traje de Colombia al camar\u00f3grafo y a otros t\u00e9cnicos de Colombia, porque yo ten\u00eda mucha confianza en ellos, pero \u2018Plantadas\u2019 est\u00e1 hecha con gente de ac\u00e1, excepto parte de la postproducci\u00f3n y sonido, y la m\u00fasica, que hizo Alfredo de la Fe en Colombia. Aunque hice postproducci\u00f3n en Rep\u00fablica Dominicana, tambi\u00e9n hice postproducci\u00f3n y edici\u00f3n y el color aqu\u00ed en Miami\u201d.<\/p>\n<p>De acuerdo con un realizador tan experimentado como Vilaplana, que ha dirigido ya tres largometrajes de ficci\u00f3n independientes en Miami (\u201cPlantados\u201d, \u201cEl Caballo\u201d y \u201cPlantadas\u201d), aqu\u00ed est\u00e1n todos los recursos para hacer una pel\u00edcula.<\/p>\n<p>\u201cLo \u00fanico que hace falta es el apoyo del p\u00fablico, que la gente vaya al cine, y que los empresarios inviertan en el cine\u201d, opina el director. \u201cCreo que ya est\u00e1 demorado hacer una Ley de Cine en Miami; el cine hecho aqu\u00ed promueve el turismo, trae inversionistas y actores de afuera, estimula las empresas [que comercian] alimentos, locaciones, veh\u00edculos, y eso hace mover el dinero en la ciudad; por eso hay tantas ciudades que dan incentivos para el cine\u201d.<\/p>\n<p>Algunas de las mujeres que inspiraron el filme eran entonces menores de edad, observa el director. Relata tambi\u00e9n que cuando llegaron al exilio prefer\u00edan no verse con frecuencia para no hablar mucho de lo que hab\u00edan sufrido en prisi\u00f3n, y que ahora la pel\u00edcula las ha reunido.<\/p>\n<p>\u201cPara ellas, \u2018Plantadas\u2019 cerr\u00f3 un ciclo que les hac\u00eda falta cerrar\u201d, asegura Vilaplana.<\/p>\n<p>Las \u00faltimas funciones de la pel\u00edcula \u201cPlantadas\u201d en CMX Cinemas Dolphin tendr\u00e1n lugar este jueves 30 de marzo, 3:35 pm, 6:50 pm y 10:00 pm. 11471 NW 12th Street Miami, FL 33172. Boletos en\u00a0<a href=\"https:\/\/www.cmxcinemas.com\/movies\/dolphin-19-cinemas\/plantadas-eng-sub\" target=\"_blank\" rel=\"noopener\">cmxcinemas.com<\/a><\/p>\n<p><strong>Fuente:<\/strong> ArtburstMiami.com[\/vc_column_text][\/vc_column][\/vc_row]<\/p>\n<\/section>","protected":false},"excerpt":{"rendered":"<p>[vc_row][vc_column][vc_column_text]Written By\u00a0Jose Antonio Evora March 29, 2023 at 10:01 PM Alina Robert en una escena de la pel\u00edcula \u201cPlantadas\u201d, cuyas \u00faltimas funciones ser\u00e1n este jueves 30 de marzo en el CMX Cinemas Dolphin. Fotograf\u00eda: Instant\u00e1nea del filme, con direcci\u00f3n de fotograf\u00eda de Jos\u00e9 Ovi Jim\u00e9nez (cortes\u00eda de Vilaplana Films). Que una pel\u00edcula independiente producida y [&hellip;]<\/p>\n","protected":false},"author":1,"featured_media":0,"comment_status":"closed","ping_status":"closed","sticky":false,"template":"","format":"gallery","meta":{"footnotes":""},"categories":[27],"tags":[],"class_list":["post-2506","post","type-post","status-publish","format-gallery","hentry","category-prensa","post_format-post-format-gallery"],"acf":[],"_links":{"self":[{"href":"https:\/\/vilaplanafilms.com\/plantadas\/wp-json\/wp\/v2\/posts\/2506","targetHints":{"allow":["GET"]}}],"collection":[{"href":"https:\/\/vilaplanafilms.com\/plantadas\/wp-json\/wp\/v2\/posts"}],"about":[{"href":"https:\/\/vilaplanafilms.com\/plantadas\/wp-json\/wp\/v2\/types\/post"}],"author":[{"embeddable":true,"href":"https:\/\/vilaplanafilms.com\/plantadas\/wp-json\/wp\/v2\/users\/1"}],"replies":[{"embeddable":true,"href":"https:\/\/vilaplanafilms.com\/plantadas\/wp-json\/wp\/v2\/comments?post=2506"}],"version-history":[{"count":1,"href":"https:\/\/vilaplanafilms.com\/plantadas\/wp-json\/wp\/v2\/posts\/2506\/revisions"}],"predecessor-version":[{"id":2512,"href":"https:\/\/vilaplanafilms.com\/plantadas\/wp-json\/wp\/v2\/posts\/2506\/revisions\/2512"}],"wp:attachment":[{"href":"https:\/\/vilaplanafilms.com\/plantadas\/wp-json\/wp\/v2\/media?parent=2506"}],"wp:term":[{"taxonomy":"category","embeddable":true,"href":"https:\/\/vilaplanafilms.com\/plantadas\/wp-json\/wp\/v2\/categories?post=2506"},{"taxonomy":"post_tag","embeddable":true,"href":"https:\/\/vilaplanafilms.com\/plantadas\/wp-json\/wp\/v2\/tags?post=2506"}],"curies":[{"name":"wp","href":"https:\/\/api.w.org\/{rel}","templated":true}]}}